{"id":2442,"date":"2016-09-05T19:13:50","date_gmt":"2016-09-05T15:13:50","guid":{"rendered":"http:\/\/faune-reunion.com\/blog\/?p=2442"},"modified":"2016-09-05T19:17:00","modified_gmt":"2016-09-05T15:17:00","slug":"eclipse-annulaire-du-soleil-a-la-reunion-1er-septembre-2016","status":"publish","type":"post","link":"https:\/\/faune-reunion.com\/blog\/eclipse-annulaire-du-soleil-a-la-reunion-1er-septembre-2016\/","title":{"rendered":"Eclipse annulaire du soleil \u00e0 La R\u00e9union &#8211; 1er septembre 2016"},"content":{"rendered":"<p><a href=\"http:\/\/faune-reunion.com\/blog\/wp-content\/uploads\/2016\/09\/yabalex-cycle.jpg\"><img loading=\"lazy\" decoding=\"async\" class=\"alignnone size-medium wp-image-2444\" src=\"http:\/\/faune-reunion.com\/blog\/wp-content\/uploads\/2016\/09\/yabalex-cycle-500x333.jpg\" alt=\"Eclipse annulaire - 1er septembre 2016\" width=\"500\" height=\"333\" srcset=\"https:\/\/faune-reunion.com\/blog\/wp-content\/uploads\/2016\/09\/yabalex-cycle-500x333.jpg 500w, https:\/\/faune-reunion.com\/blog\/wp-content\/uploads\/2016\/09\/yabalex-cycle-768x512.jpg 768w, https:\/\/faune-reunion.com\/blog\/wp-content\/uploads\/2016\/09\/yabalex-cycle-800x533.jpg 800w, https:\/\/faune-reunion.com\/blog\/wp-content\/uploads\/2016\/09\/yabalex-cycle-600x400.jpg 600w, https:\/\/faune-reunion.com\/blog\/wp-content\/uploads\/2016\/09\/yabalex-cycle-225x150.jpg 225w, https:\/\/faune-reunion.com\/blog\/wp-content\/uploads\/2016\/09\/yabalex-cycle-150x100.jpg 150w\" sizes=\"auto, (max-width: 500px) 100vw, 500px\" \/><\/a><\/p>\n<p>Jeudi 1er septembre 2016, la Lune est pass\u00e9e\u00a0entre la Terre et le Soleil. L\u2019\u00e9clipse \u00e9tait annulaire car le diam\u00e8tre de la Lune ne cachait pas\u00a0compl\u00e8tement le disque solaire. Ainsi, au milieu du ph\u00e9nom\u00e8ne, seul un anneau solaire \u00e9tait visible dans le ciel r\u00e9unionnais.<\/p>\n<p><!--more--><\/p>\n<p><a href=\"http:\/\/faune-reunion.com\/blog\/wp-content\/uploads\/2016\/09\/Yabalex_T3A0249.jpg\"><img loading=\"lazy\" decoding=\"async\" class=\"alignnone size-medium wp-image-2445\" src=\"http:\/\/faune-reunion.com\/blog\/wp-content\/uploads\/2016\/09\/Yabalex_T3A0249-500x333.jpg\" alt=\"Eclipse annulaire \u00e0 La R\u00e9union - 1er septembre 2016\" width=\"500\" height=\"333\" srcset=\"https:\/\/faune-reunion.com\/blog\/wp-content\/uploads\/2016\/09\/Yabalex_T3A0249-500x333.jpg 500w, https:\/\/faune-reunion.com\/blog\/wp-content\/uploads\/2016\/09\/Yabalex_T3A0249-768x512.jpg 768w, https:\/\/faune-reunion.com\/blog\/wp-content\/uploads\/2016\/09\/Yabalex_T3A0249-800x533.jpg 800w, https:\/\/faune-reunion.com\/blog\/wp-content\/uploads\/2016\/09\/Yabalex_T3A0249-600x400.jpg 600w, https:\/\/faune-reunion.com\/blog\/wp-content\/uploads\/2016\/09\/Yabalex_T3A0249-225x150.jpg 225w, https:\/\/faune-reunion.com\/blog\/wp-content\/uploads\/2016\/09\/Yabalex_T3A0249-150x100.jpg 150w, https:\/\/faune-reunion.com\/blog\/wp-content\/uploads\/2016\/09\/Yabalex_T3A0249.jpg 1200w\" sizes=\"auto, (max-width: 500px) 100vw, 500px\" \/><\/a><br \/>\nComme ce n&rsquo;est pas tous les jours que je photographie le soleil, j&rsquo;en profite pour vous montrer un gros plan au 1120mm.<\/p>\n<p><a href=\"http:\/\/faune-reunion.com\/blog\/wp-content\/uploads\/2016\/09\/Yabalex_T3A0385.jpg\"><img loading=\"lazy\" decoding=\"async\" class=\"alignnone size-medium wp-image-2443\" src=\"http:\/\/faune-reunion.com\/blog\/wp-content\/uploads\/2016\/09\/Yabalex_T3A0385-500x333.jpg\" alt=\"Eclipse annulaire - 1er septembre 2016\" width=\"500\" height=\"333\" srcset=\"https:\/\/faune-reunion.com\/blog\/wp-content\/uploads\/2016\/09\/Yabalex_T3A0385-500x333.jpg 500w, https:\/\/faune-reunion.com\/blog\/wp-content\/uploads\/2016\/09\/Yabalex_T3A0385-768x512.jpg 768w, https:\/\/faune-reunion.com\/blog\/wp-content\/uploads\/2016\/09\/Yabalex_T3A0385-800x533.jpg 800w, https:\/\/faune-reunion.com\/blog\/wp-content\/uploads\/2016\/09\/Yabalex_T3A0385-600x400.jpg 600w, https:\/\/faune-reunion.com\/blog\/wp-content\/uploads\/2016\/09\/Yabalex_T3A0385-225x150.jpg 225w, https:\/\/faune-reunion.com\/blog\/wp-content\/uploads\/2016\/09\/Yabalex_T3A0385-150x100.jpg 150w, https:\/\/faune-reunion.com\/blog\/wp-content\/uploads\/2016\/09\/Yabalex_T3A0385.jpg 1200w\" sizes=\"auto, (max-width: 500px) 100vw, 500px\" \/><br \/>\n<\/a>Un croissant de soleil<\/p>\n<p><a href=\"http:\/\/faune-reunion.com\/blog\/wp-content\/uploads\/2016\/09\/yabalex-eclipse.jpg\"><img loading=\"lazy\" decoding=\"async\" class=\"alignnone size-medium wp-image-2446\" src=\"http:\/\/faune-reunion.com\/blog\/wp-content\/uploads\/2016\/09\/yabalex-eclipse-500x275.jpg\" alt=\"\u00e9tang-sal\u00e9, La R\u00e9union - 1\/09\/2016 - eclipse solaire\" width=\"500\" height=\"275\" srcset=\"https:\/\/faune-reunion.com\/blog\/wp-content\/uploads\/2016\/09\/yabalex-eclipse-500x275.jpg 500w, https:\/\/faune-reunion.com\/blog\/wp-content\/uploads\/2016\/09\/yabalex-eclipse-768x422.jpg 768w, https:\/\/faune-reunion.com\/blog\/wp-content\/uploads\/2016\/09\/yabalex-eclipse-800x440.jpg 800w, https:\/\/faune-reunion.com\/blog\/wp-content\/uploads\/2016\/09\/yabalex-eclipse-600x330.jpg 600w, https:\/\/faune-reunion.com\/blog\/wp-content\/uploads\/2016\/09\/yabalex-eclipse-250x138.jpg 250w, https:\/\/faune-reunion.com\/blog\/wp-content\/uploads\/2016\/09\/yabalex-eclipse-150x83.jpg 150w, https:\/\/faune-reunion.com\/blog\/wp-content\/uploads\/2016\/09\/yabalex-eclipse.jpg 960w\" sizes=\"auto, (max-width: 500px) 100vw, 500px\" \/><br \/>\n<\/a>J&rsquo;ai rejoins d&rsquo;autres passionn\u00e9s de photos pour immortaliser ce moment !<\/p>\n<p>Le spectacle a dur\u00e9 plus de 3 heures avec un vent fort et de la houle \u00e0 proximit\u00e9.<\/p>\n","protected":false},"excerpt":{"rendered":"<p>Jeudi 1er septembre 2016, la Lune est pass\u00e9e\u00a0entre la Terre et le Soleil. L\u2019\u00e9clipse \u00e9tait annulaire car le diam\u00e8tre de la Lune ne cachait pas\u00a0compl\u00e8tement le disque solaire. Ainsi, au milieu du ph\u00e9nom\u00e8ne, seul un anneau solaire \u00e9tait visible dans le ciel r\u00e9unionnais.<\/p>\n<p class=\"continue-reading-button\"> <a class=\"continue-reading-link\" href=\"https:\/\/faune-reunion.com\/blog\/eclipse-annulaire-du-soleil-a-la-reunion-1er-septembre-2016\/\">Lire la suite&#8230;<i class=\"crycon-right-dir\"><\/i><\/a><\/p>\n","protected":false},"author":1,"featured_media":0,"comment_status":"open","ping_status":"open","sticky":false,"template":"","format":"standard","meta":{"_monsterinsights_skip_tracking":false,"_monsterinsights_sitenote_active":false,"_monsterinsights_sitenote_note":"","_monsterinsights_sitenote_category":0,"_uf_show_specific_survey":0,"_uf_disable_surveys":false,"ngg_post_thumbnail":0,"footnotes":""},"categories":[3],"tags":[],"class_list":["post-2442","post","type-post","status-publish","format-standard","hentry","category-photo"],"aioseo_notices":[],"_links":{"self":[{"href":"https:\/\/faune-reunion.com\/blog\/wp-json\/wp\/v2\/posts\/2442","targetHints":{"allow":["GET"]}}],"collection":[{"href":"https:\/\/faune-reunion.com\/blog\/wp-json\/wp\/v2\/posts"}],"about":[{"href":"https:\/\/faune-reunion.com\/blog\/wp-json\/wp\/v2\/types\/post"}],"author":[{"embeddable":true,"href":"https:\/\/faune-reunion.com\/blog\/wp-json\/wp\/v2\/users\/1"}],"replies":[{"embeddable":true,"href":"https:\/\/faune-reunion.com\/blog\/wp-json\/wp\/v2\/comments?post=2442"}],"version-history":[{"count":2,"href":"https:\/\/faune-reunion.com\/blog\/wp-json\/wp\/v2\/posts\/2442\/revisions"}],"predecessor-version":[{"id":2448,"href":"https:\/\/faune-reunion.com\/blog\/wp-json\/wp\/v2\/posts\/2442\/revisions\/2448"}],"wp:attachment":[{"href":"https:\/\/faune-reunion.com\/blog\/wp-json\/wp\/v2\/media?parent=2442"}],"wp:term":[{"taxonomy":"category","embeddable":true,"href":"https:\/\/faune-reunion.com\/blog\/wp-json\/wp\/v2\/categories?post=2442"},{"taxonomy":"post_tag","embeddable":true,"href":"https:\/\/faune-reunion.com\/blog\/wp-json\/wp\/v2\/tags?post=2442"}],"curies":[{"name":"wp","href":"https:\/\/api.w.org\/{rel}","templated":true}]}}