{"id":2841,"date":"2018-07-11T22:17:30","date_gmt":"2018-07-11T18:17:30","guid":{"rendered":"http:\/\/faune-reunion.com\/blog\/?p=2841"},"modified":"2023-03-12T16:07:23","modified_gmt":"2023-03-12T12:07:23","slug":"un-peu-de-proximite-avec-le-heron-cendre","status":"publish","type":"post","link":"https:\/\/faune-reunion.com\/blog\/un-peu-de-proximite-avec-le-heron-cendre\/","title":{"rendered":"Un peu de proximit\u00e9 avec le h\u00e9ron cendr\u00e9"},"content":{"rendered":"<h2><a href=\"http:\/\/faune-reunion.com\/blog\/wp-content\/uploads\/2018\/07\/Yabalex_T3A0809.jpg\"><img loading=\"lazy\" decoding=\"async\" class=\"alignnone size-large wp-image-2853\" src=\"http:\/\/faune-reunion.com\/blog\/wp-content\/uploads\/2018\/07\/Yabalex_T3A0809-800x534.jpg\" alt=\"H\u00e9ron cendr\u00e9 dans un p\u00e2turage \u00e0 Zaanse Schans au Pays-bas - Yabalex\" width=\"800\" height=\"534\" srcset=\"https:\/\/faune-reunion.com\/blog\/wp-content\/uploads\/2018\/07\/Yabalex_T3A0809-800x534.jpg 800w, https:\/\/faune-reunion.com\/blog\/wp-content\/uploads\/2018\/07\/Yabalex_T3A0809-500x333.jpg 500w, https:\/\/faune-reunion.com\/blog\/wp-content\/uploads\/2018\/07\/Yabalex_T3A0809-768x512.jpg 768w, https:\/\/faune-reunion.com\/blog\/wp-content\/uploads\/2018\/07\/Yabalex_T3A0809-600x400.jpg 600w, https:\/\/faune-reunion.com\/blog\/wp-content\/uploads\/2018\/07\/Yabalex_T3A0809-225x150.jpg 225w, https:\/\/faune-reunion.com\/blog\/wp-content\/uploads\/2018\/07\/Yabalex_T3A0809-150x100.jpg 150w, https:\/\/faune-reunion.com\/blog\/wp-content\/uploads\/2018\/07\/Yabalex_T3A0809.jpg 1024w\" sizes=\"auto, (max-width: 800px) 100vw, 800px\" \/><\/a><br \/>\nEn tant que photographe, je trouve bien dommage de ne pas avoir de h\u00e9ron cendr\u00e9 sur l&rsquo;\u00eele.<\/h2>\n<p>En plus d&rsquo;avoir un comportement int\u00e9ressant pour les amateurs d&rsquo;images, c&rsquo;est un beau sujet photog\u00e9nique.<br \/>\nAu fil des discussions avec des photographes, je me rend compte qu&rsquo;on se rejoint sur ce point : les h\u00e9rons sont calmes, peu farouches et pratiquent la p\u00eache avec beaucoup de patience&#8230;<br \/>\nUn comportement qui laisse du temps pour la composition, les r\u00e9glages et tout simplement pour la cr\u00e9ativit\u00e9 (\u00e0 ce sujet, je propose un <a href=\"http:\/\/faune-reunion.com\/blog\/atelier-booster-sa-creativite-photographique-4-aout-2018\/\" target=\"_blank\" rel=\"noopener\">atelier sur la cr\u00e9ativit\u00e9<\/a> pour le mois d&rsquo;ao\u00fbt 2018).<\/p>\n<p><a href=\"http:\/\/faune-reunion.com\/blog\/wp-content\/uploads\/2018\/07\/Yabalex_T3A0946.jpg\"><img loading=\"lazy\" decoding=\"async\" class=\"alignnone size-large wp-image-2849\" src=\"http:\/\/faune-reunion.com\/blog\/wp-content\/uploads\/2018\/07\/Yabalex_T3A0946-800x534.jpg\" alt=\"Moulins \u00e0 vent de Zaanse Schans au Pays-bas, Hollande\" width=\"800\" height=\"534\" srcset=\"https:\/\/faune-reunion.com\/blog\/wp-content\/uploads\/2018\/07\/Yabalex_T3A0946-800x534.jpg 800w, https:\/\/faune-reunion.com\/blog\/wp-content\/uploads\/2018\/07\/Yabalex_T3A0946-500x333.jpg 500w, https:\/\/faune-reunion.com\/blog\/wp-content\/uploads\/2018\/07\/Yabalex_T3A0946-768x512.jpg 768w, https:\/\/faune-reunion.com\/blog\/wp-content\/uploads\/2018\/07\/Yabalex_T3A0946-600x400.jpg 600w, https:\/\/faune-reunion.com\/blog\/wp-content\/uploads\/2018\/07\/Yabalex_T3A0946-225x150.jpg 225w, https:\/\/faune-reunion.com\/blog\/wp-content\/uploads\/2018\/07\/Yabalex_T3A0946-150x100.jpg 150w, https:\/\/faune-reunion.com\/blog\/wp-content\/uploads\/2018\/07\/Yabalex_T3A0946.jpg 1024w\" sizes=\"auto, (max-width: 800px) 100vw, 800px\" \/><\/a><\/p>\n<h2>C&rsquo;est donc au nord d&rsquo;Amsterdam \u00e0 Zaanse Schans que je suis all\u00e9 \u00e0 la rencontre des moulins \u00e0 vent.<\/h2>\n<p>Heureux d&rsquo;enfin voir des moulins, je me suis rapidement rendu compte que les champs alentour grouillaient de vie quand un beau et grand h\u00e9ron cendr\u00e9 s&rsquo;est pos\u00e9 sur un poteau de cl\u00f4ture.<br \/>\n<a href=\"http:\/\/faune-reunion.com\/blog\/wp-content\/uploads\/2018\/07\/Yabalex_T3A0802.jpg\"><img loading=\"lazy\" decoding=\"async\" class=\"alignnone size-large wp-image-2852\" src=\"http:\/\/faune-reunion.com\/blog\/wp-content\/uploads\/2018\/07\/Yabalex_T3A0802-800x534.jpg\" alt=\"H\u00e9ron pos\u00e9 sur un poteau de cloture\" width=\"800\" height=\"534\" srcset=\"https:\/\/faune-reunion.com\/blog\/wp-content\/uploads\/2018\/07\/Yabalex_T3A0802-800x534.jpg 800w, https:\/\/faune-reunion.com\/blog\/wp-content\/uploads\/2018\/07\/Yabalex_T3A0802-500x333.jpg 500w, https:\/\/faune-reunion.com\/blog\/wp-content\/uploads\/2018\/07\/Yabalex_T3A0802-768x512.jpg 768w, https:\/\/faune-reunion.com\/blog\/wp-content\/uploads\/2018\/07\/Yabalex_T3A0802-600x400.jpg 600w, https:\/\/faune-reunion.com\/blog\/wp-content\/uploads\/2018\/07\/Yabalex_T3A0802-225x150.jpg 225w, https:\/\/faune-reunion.com\/blog\/wp-content\/uploads\/2018\/07\/Yabalex_T3A0802-150x100.jpg 150w, https:\/\/faune-reunion.com\/blog\/wp-content\/uploads\/2018\/07\/Yabalex_T3A0802.jpg 1024w\" sizes=\"auto, (max-width: 800px) 100vw, 800px\" \/><\/a><\/p>\n<p>J&rsquo;\u00e9tais loin d&rsquo;\u00eatre le seul enchant\u00e9 par cette rencontre car rapidement, une dizaine de paparazzis, avec leur smartphone, sont \u00e9galement venus tirer le portrait de l&rsquo;oiseau coop\u00e9ratif.<\/p>\n<blockquote><p>Mais nous sommes dans une soci\u00e9t\u00e9 de consommation d&rsquo;images,<\/p><\/blockquote>\n<p>alors aussit\u00f4t la photo enregistr\u00e9e que la foule disparaissait et me laissait seul contemplatif de l&rsquo;\u00e9l\u00e9gant ard\u00e9id\u00e9.<\/p>\n<p>C&rsquo;est lorsqu&rsquo;il quitta son perchoir pour les p\u00e2turages que j&rsquo;ai r\u00e9alis\u00e9 qu&rsquo;il \u00e9tait loin d&rsquo;\u00eatre le seul oiseau \u00e0 fr\u00e9quenter les hautes herbes.&nbsp;Camoufl\u00e9e par le couvert v\u00e9g\u00e9tal, une multitude d&rsquo;esp\u00e8ces semblaient en qu\u00eate de nourriture : des limicoles, corvid\u00e9s, anatid\u00e9s et autres corvid\u00e9s se partageaient discr\u00e8tement l&rsquo;espace.<\/p>\n<p><a href=\"http:\/\/faune-reunion.com\/blog\/wp-content\/uploads\/2018\/07\/Yabalex_T3A0812.jpg\"><img loading=\"lazy\" decoding=\"async\" class=\"alignnone size-large wp-image-2854\" src=\"http:\/\/faune-reunion.com\/blog\/wp-content\/uploads\/2018\/07\/Yabalex_T3A0812-800x534.jpg\" alt=\"H\u00e9ron cendr\u00e9 \u00e0 Zaanse Schans au Pays-bas - Yabalex\" width=\"800\" height=\"534\" srcset=\"https:\/\/faune-reunion.com\/blog\/wp-content\/uploads\/2018\/07\/Yabalex_T3A0812-800x534.jpg 800w, https:\/\/faune-reunion.com\/blog\/wp-content\/uploads\/2018\/07\/Yabalex_T3A0812-500x333.jpg 500w, https:\/\/faune-reunion.com\/blog\/wp-content\/uploads\/2018\/07\/Yabalex_T3A0812-768x512.jpg 768w, https:\/\/faune-reunion.com\/blog\/wp-content\/uploads\/2018\/07\/Yabalex_T3A0812-600x400.jpg 600w, https:\/\/faune-reunion.com\/blog\/wp-content\/uploads\/2018\/07\/Yabalex_T3A0812-225x150.jpg 225w, https:\/\/faune-reunion.com\/blog\/wp-content\/uploads\/2018\/07\/Yabalex_T3A0812-150x100.jpg 150w, https:\/\/faune-reunion.com\/blog\/wp-content\/uploads\/2018\/07\/Yabalex_T3A0812.jpg 1024w\" sizes=\"auto, (max-width: 800px) 100vw, 800px\" \/><\/a><\/p>\n<p>A ce moment-l\u00e0, on regrette vraiment le 500mm rest\u00e9 \u00e0 la maison avec la tenue de camouflage&#8230; car une semaine dans cet endroit serait un pur bonheur.&nbsp;<br \/>\nEn attendant, je suis reparti avec mes petits portraits du fascinant h\u00e9ron cendr\u00e9 qui a bien jou\u00e9 le jeu. Et pour cela, mon 200mm \u00e9tait bien suffisant.<\/p>\n<p>D\u00e9couvrez dans une courte vid\u00e9o le fameux h\u00e9ron des moulins et, en prime, un cong\u00e9n\u00e8re que j&rsquo;ai photographi\u00e9 en pleine ville d&rsquo;Amsterdam, tout simplement au repos sur&#8230; le toit d&rsquo;une voiture.<\/p>\n<p><iframe loading=\"lazy\" width=\"900\" height=\"506\" src=\"https:\/\/www.youtube.com\/embed\/nM9Ot_ljYxQ?feature=oembed\" frameborder=\"0\" allow=\"autoplay; encrypted-media\" allowfullscreen><\/iframe><\/p>\n<p>A La R\u00e9union, le seul repr\u00e9sentant de la famille est le h\u00e9ron stri\u00e9 que vous pouvez voir <a href=\"http:\/\/faune-reunion.com\/blog\/faune\/nggallery\/faune\/heron-strie\">ici dans ma galerie<\/a>..<br \/>\nEt en suivant le lien, d\u00e9couvrez sa fiche sur le <a href=\"https:\/\/www.seor.fr\/fiche_oiseau.php?id=12\" target=\"_blank\" rel=\"noopener\">site de la SEOR<\/a><\/p>\n<p>Deux autres oiseaux photographi\u00e9s \u00e0 Zaans Schans : le chouca des tours et un canard colvert<\/p>\n<p><a href=\"http:\/\/faune-reunion.com\/blog\/wp-content\/uploads\/2018\/07\/Yabalex_T3A0706.jpg\"><img loading=\"lazy\" decoding=\"async\" class=\"alignnone size-large wp-image-2850\" src=\"http:\/\/faune-reunion.com\/blog\/wp-content\/uploads\/2018\/07\/Yabalex_T3A0706-800x534.jpg\" alt=\"Chouca des tours au Pays-bas - Yabalex\" width=\"800\" height=\"534\" srcset=\"https:\/\/faune-reunion.com\/blog\/wp-content\/uploads\/2018\/07\/Yabalex_T3A0706-800x534.jpg 800w, https:\/\/faune-reunion.com\/blog\/wp-content\/uploads\/2018\/07\/Yabalex_T3A0706-500x333.jpg 500w, https:\/\/faune-reunion.com\/blog\/wp-content\/uploads\/2018\/07\/Yabalex_T3A0706-768x512.jpg 768w, https:\/\/faune-reunion.com\/blog\/wp-content\/uploads\/2018\/07\/Yabalex_T3A0706-600x400.jpg 600w, https:\/\/faune-reunion.com\/blog\/wp-content\/uploads\/2018\/07\/Yabalex_T3A0706-225x150.jpg 225w, https:\/\/faune-reunion.com\/blog\/wp-content\/uploads\/2018\/07\/Yabalex_T3A0706-150x100.jpg 150w, https:\/\/faune-reunion.com\/blog\/wp-content\/uploads\/2018\/07\/Yabalex_T3A0706.jpg 1024w\" sizes=\"auto, (max-width: 800px) 100vw, 800px\" \/><\/a> <a href=\"http:\/\/faune-reunion.com\/blog\/wp-content\/uploads\/2018\/07\/Yabalex_T3A0723.jpg\"><img loading=\"lazy\" decoding=\"async\" class=\"alignnone size-large wp-image-2851\" src=\"http:\/\/faune-reunion.com\/blog\/wp-content\/uploads\/2018\/07\/Yabalex_T3A0723-800x534.jpg\" alt=\"Canard colvert - photo Yabalex\" width=\"800\" height=\"534\" srcset=\"https:\/\/faune-reunion.com\/blog\/wp-content\/uploads\/2018\/07\/Yabalex_T3A0723-800x534.jpg 800w, https:\/\/faune-reunion.com\/blog\/wp-content\/uploads\/2018\/07\/Yabalex_T3A0723-500x333.jpg 500w, https:\/\/faune-reunion.com\/blog\/wp-content\/uploads\/2018\/07\/Yabalex_T3A0723-768x512.jpg 768w, https:\/\/faune-reunion.com\/blog\/wp-content\/uploads\/2018\/07\/Yabalex_T3A0723-600x400.jpg 600w, https:\/\/faune-reunion.com\/blog\/wp-content\/uploads\/2018\/07\/Yabalex_T3A0723-225x150.jpg 225w, https:\/\/faune-reunion.com\/blog\/wp-content\/uploads\/2018\/07\/Yabalex_T3A0723-150x100.jpg 150w, https:\/\/faune-reunion.com\/blog\/wp-content\/uploads\/2018\/07\/Yabalex_T3A0723.jpg 1024w\" sizes=\"auto, (max-width: 800px) 100vw, 800px\" \/><\/a><\/p>\n","protected":false},"excerpt":{"rendered":"<p>En tant que photographe, je trouve bien dommage de ne pas avoir de h\u00e9ron cendr\u00e9 sur l&rsquo;\u00eele. En plus d&rsquo;avoir un comportement int\u00e9ressant pour les amateurs d&rsquo;images, c&rsquo;est un beau sujet photog\u00e9nique. Au fil des discussions avec des photographes, je me rend compte qu&rsquo;on se rejoint sur ce point : \u2026<\/p>\n<p class=\"continue-reading-button\"> <a class=\"continue-reading-link\" href=\"https:\/\/faune-reunion.com\/blog\/un-peu-de-proximite-avec-le-heron-cendre\/\">Lire la suite&#8230;<i class=\"crycon-right-dir\"><\/i><\/a><\/p>\n","protected":false},"author":1,"featured_media":0,"comment_status":"open","ping_status":"open","sticky":false,"template":"","format":"standard","meta":{"_monsterinsights_skip_tracking":false,"_monsterinsights_sitenote_active":false,"_monsterinsights_sitenote_note":"","_monsterinsights_sitenote_category":0,"_uf_show_specific_survey":0,"_uf_disable_surveys":false,"ngg_post_thumbnail":0,"footnotes":""},"categories":[3,232],"tags":[192,5,8,188,89],"class_list":["post-2841","post","type-post","status-publish","format-standard","hentry","category-photo","category-voyage","tag-heron","tag-oiseau","tag-photo-2","tag-voyage","tag-yabalex"],"aioseo_notices":[],"_links":{"self":[{"href":"https:\/\/faune-reunion.com\/blog\/wp-json\/wp\/v2\/posts\/2841","targetHints":{"allow":["GET"]}}],"collection":[{"href":"https:\/\/faune-reunion.com\/blog\/wp-json\/wp\/v2\/posts"}],"about":[{"href":"https:\/\/faune-reunion.com\/blog\/wp-json\/wp\/v2\/types\/post"}],"author":[{"embeddable":true,"href":"https:\/\/faune-reunion.com\/blog\/wp-json\/wp\/v2\/users\/1"}],"replies":[{"embeddable":true,"href":"https:\/\/faune-reunion.com\/blog\/wp-json\/wp\/v2\/comments?post=2841"}],"version-history":[{"count":6,"href":"https:\/\/faune-reunion.com\/blog\/wp-json\/wp\/v2\/posts\/2841\/revisions"}],"predecessor-version":[{"id":2855,"href":"https:\/\/faune-reunion.com\/blog\/wp-json\/wp\/v2\/posts\/2841\/revisions\/2855"}],"wp:attachment":[{"href":"https:\/\/faune-reunion.com\/blog\/wp-json\/wp\/v2\/media?parent=2841"}],"wp:term":[{"taxonomy":"category","embeddable":true,"href":"https:\/\/faune-reunion.com\/blog\/wp-json\/wp\/v2\/categories?post=2841"},{"taxonomy":"post_tag","embeddable":true,"href":"https:\/\/faune-reunion.com\/blog\/wp-json\/wp\/v2\/tags?post=2841"}],"curies":[{"name":"wp","href":"https:\/\/api.w.org\/{rel}","templated":true}]}}