{"id":664,"date":"2014-10-12T15:52:49","date_gmt":"2014-10-12T11:52:49","guid":{"rendered":"http:\/\/faune-reunion.com\/blog\/?p=664"},"modified":"2014-11-03T16:21:45","modified_gmt":"2014-11-03T12:21:45","slug":"salon-du-livre-de-jeunesse-de-locean-indien-2014","status":"publish","type":"post","link":"https:\/\/faune-reunion.com\/blog\/salon-du-livre-de-jeunesse-de-locean-indien-2014\/","title":{"rendered":"Salon du livre de jeunesse de l&rsquo;oc\u00e9an Indien 2014"},"content":{"rendered":"<p><a href=\"http:\/\/faune-reunion.com\/blog\/salon-du-livre-de-jeunesse-de-locean-indien-2014\/salon-livre-jeunesse2014\/\" rel=\"attachment wp-att-665\"><img loading=\"lazy\" decoding=\"async\" class=\"alignnone size-large wp-image-665\" src=\"http:\/\/faune-reunion.com\/blog\/wp-content\/uploads\/2014\/10\/salon-livre-jeunesse2014-800x600.jpg\" alt=\"salon du livre de jeunesse 2014\" width=\"584\" height=\"438\" srcset=\"https:\/\/faune-reunion.com\/blog\/wp-content\/uploads\/2014\/10\/salon-livre-jeunesse2014-800x600.jpg 800w, https:\/\/faune-reunion.com\/blog\/wp-content\/uploads\/2014\/10\/salon-livre-jeunesse2014-300x224.jpg 300w, https:\/\/faune-reunion.com\/blog\/wp-content\/uploads\/2014\/10\/salon-livre-jeunesse2014-600x449.jpg 600w, https:\/\/faune-reunion.com\/blog\/wp-content\/uploads\/2014\/10\/salon-livre-jeunesse2014-400x300.jpg 400w, https:\/\/faune-reunion.com\/blog\/wp-content\/uploads\/2014\/10\/salon-livre-jeunesse2014.jpg 1134w\" sizes=\"auto, (max-width: 584px) 100vw, 584px\" \/><\/a><\/p>\n<p>J&rsquo;\u00e9tais pr\u00e9sent, aux c\u00f4t\u00e9s de mon \u00e9diteur : UDIR, au Salon avec mon livre : Les plumes de La R\u00e9union.<br \/>\n<!--more--><\/p>\n<p>&nbsp;<\/p>\n<p>&nbsp;<\/p>\n<p>&nbsp;<\/p>\n<p>Le <a class=\"profileLink\" href=\"https:\/\/www.facebook.com\/pages\/Salon-du-livre-de-jeunesse-de-loc%C3%A9an-Indien\/195845467192004\" data-hovercard=\"\/ajax\/hovercard\/page.php?id=195845467192004\">Salon du livre de jeunesse de l&rsquo;oc\u00e9an Indien<\/a> m&rsquo;a permis d&rsquo;avoir des discussions passionnantes (\u00e7a fait longtemps que je n&rsquo;avais pas parl\u00e9 Art), des projets prometteurs, \u00a0de rencontrer mon public et de partager la passion de la photo et\u00a0des oiseaux.<\/p>\n<p>Et puis, il y a les \u00e9changes avec les auteurs : des gens int\u00e9ressants \u00e0 l&rsquo;image de\u00a0<a class=\"profileLink\" href=\"https:\/\/www.facebook.com\/pages\/Enjeux-de-mots-Nelsy-Gu%C3%A9rin\/137534379749924\" data-hovercard=\"\/ajax\/hovercard\/page.php?id=137534379749924\">Enjeux de mots &#8211; Nelsy Gu\u00e9rin<\/a>. Ainsi que les autres et j&rsquo;en profites pour leur faire un coucou :\u00a0G\u00e9rard Joly, Fred Theys, Isabelle Hoarau, Sabine Vergoz-Thirel, C\u00e9line Huet, Maja et tant d&rsquo;autres&#8230;<br \/>\nMerci et f\u00e9licitations \u00e0 l&rsquo;\u00e9quipe du Salon du livre !<\/p>\n<p><a href=\"http:\/\/faune-reunion.com\/blog\/salon-du-livre-de-jeunesse-de-locean-indien-2014\/yabalex-salon-livre2014\/\" rel=\"attachment wp-att-676\"><img loading=\"lazy\" decoding=\"async\" class=\"alignnone size-full wp-image-676\" src=\"http:\/\/faune-reunion.com\/blog\/wp-content\/uploads\/2014\/10\/yabalex-salon-livre2014.jpg\" alt=\"yabalex au salon du livre 2014\" width=\"500\" height=\"273\" srcset=\"https:\/\/faune-reunion.com\/blog\/wp-content\/uploads\/2014\/10\/yabalex-salon-livre2014.jpg 500w, https:\/\/faune-reunion.com\/blog\/wp-content\/uploads\/2014\/10\/yabalex-salon-livre2014-300x163.jpg 300w\" sizes=\"auto, (max-width: 500px) 100vw, 500px\" \/><\/a><\/p>\n<p>Du 15 au 19 octobre 2014 &#8211; Halle des manifestations du Port.<br \/>\n<a href=\"https:\/\/www.facebook.com\/pages\/Salon-du-livre-de-jeunesse-de-loc%C3%A9an-Indien\/195845467192004\" target=\"_blank\">Facebook<\/a>\u00a0du Salon<\/p>\n","protected":false},"excerpt":{"rendered":"<p>J&rsquo;\u00e9tais pr\u00e9sent, aux c\u00f4t\u00e9s de mon \u00e9diteur : UDIR, au Salon avec mon livre : Les plumes de La R\u00e9union.<\/p>\n<p class=\"continue-reading-button\"> <a class=\"continue-reading-link\" href=\"https:\/\/faune-reunion.com\/blog\/salon-du-livre-de-jeunesse-de-locean-indien-2014\/\">Lire la suite&#8230;<i class=\"crycon-right-dir\"><\/i><\/a><\/p>\n","protected":false},"author":1,"featured_media":0,"comment_status":"open","ping_status":"open","sticky":false,"template":"","format":"standard","meta":{"_monsterinsights_skip_tracking":false,"_monsterinsights_sitenote_active":false,"_monsterinsights_sitenote_note":"","_monsterinsights_sitenote_category":0,"_uf_show_specific_survey":0,"_uf_disable_surveys":false,"ngg_post_thumbnail":0,"footnotes":""},"categories":[1],"tags":[118,85,38,5,86,136,117,89],"class_list":["post-664","post","type-post","status-publish","format-standard","hentry","category-actu","tag-auteur","tag-livre","tag-nature","tag-oiseau","tag-plumes","tag-reunion","tag-salon","tag-yabalex"],"aioseo_notices":[],"_links":{"self":[{"href":"https:\/\/faune-reunion.com\/blog\/wp-json\/wp\/v2\/posts\/664","targetHints":{"allow":["GET"]}}],"collection":[{"href":"https:\/\/faune-reunion.com\/blog\/wp-json\/wp\/v2\/posts"}],"about":[{"href":"https:\/\/faune-reunion.com\/blog\/wp-json\/wp\/v2\/types\/post"}],"author":[{"embeddable":true,"href":"https:\/\/faune-reunion.com\/blog\/wp-json\/wp\/v2\/users\/1"}],"replies":[{"embeddable":true,"href":"https:\/\/faune-reunion.com\/blog\/wp-json\/wp\/v2\/comments?post=664"}],"version-history":[{"count":5,"href":"https:\/\/faune-reunion.com\/blog\/wp-json\/wp\/v2\/posts\/664\/revisions"}],"predecessor-version":[{"id":698,"href":"https:\/\/faune-reunion.com\/blog\/wp-json\/wp\/v2\/posts\/664\/revisions\/698"}],"wp:attachment":[{"href":"https:\/\/faune-reunion.com\/blog\/wp-json\/wp\/v2\/media?parent=664"}],"wp:term":[{"taxonomy":"category","embeddable":true,"href":"https:\/\/faune-reunion.com\/blog\/wp-json\/wp\/v2\/categories?post=664"},{"taxonomy":"post_tag","embeddable":true,"href":"https:\/\/faune-reunion.com\/blog\/wp-json\/wp\/v2\/tags?post=664"}],"curies":[{"name":"wp","href":"https:\/\/api.w.org\/{rel}","templated":true}]}}